{"id":52,"date":"2018-01-07T17:07:07","date_gmt":"2018-01-07T16:07:07","guid":{"rendered":"http:\/\/www.blandinetamagna.com\/?p=52"},"modified":"2025-12-27T23:43:02","modified_gmt":"2025-12-27T22:43:02","slug":"especes-despaces","status":"publish","type":"post","link":"https:\/\/www.blandinetamagna.com\/index.php\/2018\/01\/07\/especes-despaces\/","title":{"rendered":"ESP\u00c8CES D&rsquo;ESPACES"},"content":{"rendered":"<div class=\"page\" title=\"Page 15\">\n<div class=\"layoutArea\">\n<div class=\"column\">\n<p>Dans cet extrait, Georges Perec aborde \u00ab la page \u00bb comme un espace d\u00e9limit\u00e9 pour l\u2019expression. Dans ce contexte, j\u2019ai interpr\u00e9t\u00e9 le contenu de cet extrait par des pliages, ces derniers \u00e9tant des espaces clos et d\u00e9limit\u00e9s sugg\u00e9r\u00e9s mais pourtant totalement factices. Pour la couverture de cet extrait, j\u2019ai con\u00e7u, tout en gardant la trame du pliage, quelque chose de volumineux et noir, contrairement au contenu du livre d\u2019apparence plane et laiteuse.<\/p>\n<p><img loading=\"lazy\" decoding=\"async\" class=\"alignnone wp-image-63 size-full\" src=\"http:\/\/www.blandinetamagna.com\/wp-content\/uploads\/2018\/02\/P3191486.jpg\" alt=\"\" width=\"600\" height=\"450\" srcset=\"https:\/\/www.blandinetamagna.com\/wp-content\/uploads\/2018\/02\/P3191486.jpg 600w, https:\/\/www.blandinetamagna.com\/wp-content\/uploads\/2018\/02\/P3191486-300x225.jpg 300w\" sizes=\"auto, (max-width: 600px) 100vw, 600px\" \/><\/p>\n<\/div>\n<\/div>\n<\/div>\n<p><img loading=\"lazy\" decoding=\"async\" class=\"alignnone wp-image-54 size-full\" src=\"http:\/\/www.blandinetamagna.com\/wp-content\/uploads\/2018\/02\/ESPECES-8.jpg\" alt=\"\" width=\"600\" height=\"300\" srcset=\"https:\/\/www.blandinetamagna.com\/wp-content\/uploads\/2018\/02\/ESPECES-8.jpg 600w, https:\/\/www.blandinetamagna.com\/wp-content\/uploads\/2018\/02\/ESPECES-8-300x150.jpg 300w\" sizes=\"auto, (max-width: 600px) 100vw, 600px\" \/><\/p>\n<p><img loading=\"lazy\" decoding=\"async\" class=\"alignnone wp-image-55 size-full\" src=\"http:\/\/www.blandinetamagna.com\/wp-content\/uploads\/2018\/02\/ESPECES-9.jpg\" alt=\"\" width=\"600\" height=\"300\" srcset=\"https:\/\/www.blandinetamagna.com\/wp-content\/uploads\/2018\/02\/ESPECES-9.jpg 600w, https:\/\/www.blandinetamagna.com\/wp-content\/uploads\/2018\/02\/ESPECES-9-300x150.jpg 300w\" sizes=\"auto, (max-width: 600px) 100vw, 600px\" \/><\/p>\n<p><img loading=\"lazy\" decoding=\"async\" class=\"alignnone wp-image-60 size-full\" src=\"http:\/\/www.blandinetamagna.com\/wp-content\/uploads\/2018\/02\/ESPECES-14.jpg\" alt=\"\" width=\"600\" height=\"300\" srcset=\"https:\/\/www.blandinetamagna.com\/wp-content\/uploads\/2018\/02\/ESPECES-14.jpg 600w, https:\/\/www.blandinetamagna.com\/wp-content\/uploads\/2018\/02\/ESPECES-14-300x150.jpg 300w\" sizes=\"auto, (max-width: 600px) 100vw, 600px\" \/><\/p>\n<p><img loading=\"lazy\" decoding=\"async\" class=\"alignnone wp-image-61 size-full\" src=\"http:\/\/www.blandinetamagna.com\/wp-content\/uploads\/2018\/02\/ESPECES-15.jpg\" alt=\"\" width=\"600\" height=\"300\" srcset=\"https:\/\/www.blandinetamagna.com\/wp-content\/uploads\/2018\/02\/ESPECES-15.jpg 600w, https:\/\/www.blandinetamagna.com\/wp-content\/uploads\/2018\/02\/ESPECES-15-300x150.jpg 300w\" sizes=\"auto, (max-width: 600px) 100vw, 600px\" \/><\/p>\n<p><img loading=\"lazy\" decoding=\"async\" class=\"alignnone wp-image-62 size-full\" src=\"http:\/\/www.blandinetamagna.com\/wp-content\/uploads\/2018\/02\/ESPECES-16.jpg\" alt=\"\" width=\"600\" height=\"300\" srcset=\"https:\/\/www.blandinetamagna.com\/wp-content\/uploads\/2018\/02\/ESPECES-16.jpg 600w, https:\/\/www.blandinetamagna.com\/wp-content\/uploads\/2018\/02\/ESPECES-16-300x150.jpg 300w\" sizes=\"auto, (max-width: 600px) 100vw, 600px\" \/><\/p>\n","protected":false},"excerpt":{"rendered":"<p>Dans cet extrait, Georges Perec aborde \u00ab la page \u00bb comme un espace d\u00e9limit\u00e9 pour l\u2019expression. Dans ce contexte, j\u2019ai interpr\u00e9t\u00e9 le contenu de cet extrait par des pliages, ces derniers \u00e9tant des espaces clos et d\u00e9limit\u00e9s sugg\u00e9r\u00e9s mais pourtant totalement factices. Pour la couverture de cet extrait, j\u2019ai con\u00e7u, tout en gardant la trame [&hellip;]<\/p>\n","protected":false},"author":1,"featured_media":63,"comment_status":"closed","ping_status":"closed","sticky":false,"template":"","format":"standard","meta":{"ngg_post_thumbnail":0,"footnotes":""},"categories":[5,4],"tags":[],"class_list":["post-52","post","type-post","status-publish","format-standard","has-post-thumbnail","hentry","category-edition","category-projets","has-thumbnail"],"_links":{"self":[{"href":"https:\/\/www.blandinetamagna.com\/index.php\/wp-json\/wp\/v2\/posts\/52","targetHints":{"allow":["GET"]}}],"collection":[{"href":"https:\/\/www.blandinetamagna.com\/index.php\/wp-json\/wp\/v2\/posts"}],"about":[{"href":"https:\/\/www.blandinetamagna.com\/index.php\/wp-json\/wp\/v2\/types\/post"}],"author":[{"embeddable":true,"href":"https:\/\/www.blandinetamagna.com\/index.php\/wp-json\/wp\/v2\/users\/1"}],"replies":[{"embeddable":true,"href":"https:\/\/www.blandinetamagna.com\/index.php\/wp-json\/wp\/v2\/comments?post=52"}],"version-history":[{"count":2,"href":"https:\/\/www.blandinetamagna.com\/index.php\/wp-json\/wp\/v2\/posts\/52\/revisions"}],"predecessor-version":[{"id":255,"href":"https:\/\/www.blandinetamagna.com\/index.php\/wp-json\/wp\/v2\/posts\/52\/revisions\/255"}],"wp:featuredmedia":[{"embeddable":true,"href":"https:\/\/www.blandinetamagna.com\/index.php\/wp-json\/wp\/v2\/media\/63"}],"wp:attachment":[{"href":"https:\/\/www.blandinetamagna.com\/index.php\/wp-json\/wp\/v2\/media?parent=52"}],"wp:term":[{"taxonomy":"category","embeddable":true,"href":"https:\/\/www.blandinetamagna.com\/index.php\/wp-json\/wp\/v2\/categories?post=52"},{"taxonomy":"post_tag","embeddable":true,"href":"https:\/\/www.blandinetamagna.com\/index.php\/wp-json\/wp\/v2\/tags?post=52"}],"curies":[{"name":"wp","href":"https:\/\/api.w.org\/{rel}","templated":true}]}}