{"id":502,"date":"2025-12-27T19:04:39","date_gmt":"2025-12-27T18:04:39","guid":{"rendered":"https:\/\/www.blandinetamagna.com\/?p=502"},"modified":"2025-12-27T23:37:19","modified_gmt":"2025-12-27T22:37:19","slug":"act-ermont","status":"publish","type":"post","link":"https:\/\/www.blandinetamagna.com\/index.php\/2025\/12\/27\/act-ermont\/","title":{"rendered":"ACT ERMONT"},"content":{"rendered":"\n<p>Cr\u00e9ation d&rsquo;un logo et d&rsquo;une charte graphique pour l\u2019Association des Clubs de Tennis d\u2019Ermont (ACTE).<br>Trois \u00e9l\u00e9ments phares viennent dynamiser ce logo. <br>La ligne de fond court est instantan\u00e9ment reconnaissable. Elle pose le cadre et dynamise l\u2019ensemble gr\u00e2ce \u00e0 sa perspective et sa profondeur.<br>Une \u00e9toile s\u2019inscrit dans le O de \u00ab ERMONT\u00bb. La performance ne fait qu\u2019une avec le nom du club.<br>Indissociable de son rebond, la balle sortant du cadre apporte un mouvement \u00e0 cet ensemble. L\u2019excellence est sugg\u00e9r\u00e9e par le fait d\u2019avoir atteint la ligne du fond de court.<\/p>\n\n\n\n<p><\/p>\n\n\n\n<p><a href=\"https:\/\/act-ermont.fr\">https:\/\/act-ermont.fr<\/a><\/p>\n\n\n\n<p><\/p>\n\n\n<div class=\"wp-block-image\">\n<figure class=\"aligncenter size-full\"><img loading=\"lazy\" decoding=\"async\" width=\"400\" height=\"400\" src=\"https:\/\/www.blandinetamagna.com\/wp-content\/uploads\/2025\/12\/Logo-ACTErmont.jpg\" alt=\"\" class=\"wp-image-504\" srcset=\"https:\/\/www.blandinetamagna.com\/wp-content\/uploads\/2025\/12\/Logo-ACTErmont.jpg 400w, https:\/\/www.blandinetamagna.com\/wp-content\/uploads\/2025\/12\/Logo-ACTErmont-300x300.jpg 300w, https:\/\/www.blandinetamagna.com\/wp-content\/uploads\/2025\/12\/Logo-ACTErmont-150x150.jpg 150w\" sizes=\"auto, (max-width: 400px) 100vw, 400px\" \/><\/figure>\n<\/div>\n\n\n<p><\/p>\n\n\n<div class=\"wp-block-image\">\n<figure class=\"aligncenter size-full\"><img loading=\"lazy\" decoding=\"async\" width=\"1000\" height=\"707\" src=\"https:\/\/www.blandinetamagna.com\/wp-content\/uploads\/2025\/12\/ACT-Ermont_CharteGraphique_Couleurs.jpg\" alt=\"\" class=\"wp-image-507\" srcset=\"https:\/\/www.blandinetamagna.com\/wp-content\/uploads\/2025\/12\/ACT-Ermont_CharteGraphique_Couleurs.jpg 1000w, https:\/\/www.blandinetamagna.com\/wp-content\/uploads\/2025\/12\/ACT-Ermont_CharteGraphique_Couleurs-300x212.jpg 300w, https:\/\/www.blandinetamagna.com\/wp-content\/uploads\/2025\/12\/ACT-Ermont_CharteGraphique_Couleurs-768x543.jpg 768w\" sizes=\"auto, (max-width: 1000px) 100vw, 1000px\" \/><\/figure>\n<\/div>\n\n\n<p><\/p>\n\n\n<div class=\"wp-block-image\">\n<figure class=\"aligncenter size-full\"><img loading=\"lazy\" decoding=\"async\" width=\"1000\" height=\"707\" src=\"https:\/\/www.blandinetamagna.com\/wp-content\/uploads\/2025\/12\/ACT-Ermont_CharteGraphique_Declinaisons.jpg\" alt=\"\" class=\"wp-image-508\" srcset=\"https:\/\/www.blandinetamagna.com\/wp-content\/uploads\/2025\/12\/ACT-Ermont_CharteGraphique_Declinaisons.jpg 1000w, https:\/\/www.blandinetamagna.com\/wp-content\/uploads\/2025\/12\/ACT-Ermont_CharteGraphique_Declinaisons-300x212.jpg 300w, https:\/\/www.blandinetamagna.com\/wp-content\/uploads\/2025\/12\/ACT-Ermont_CharteGraphique_Declinaisons-768x543.jpg 768w\" sizes=\"auto, (max-width: 1000px) 100vw, 1000px\" \/><\/figure>\n<\/div>\n\n\n<p><\/p>\n","protected":false},"excerpt":{"rendered":"<p>Cr\u00e9ation d&rsquo;un logo et d&rsquo;une charte graphique pour l\u2019Association des Clubs de Tennis d\u2019Ermont (ACTE).Trois \u00e9l\u00e9ments phares viennent dynamiser ce logo. La ligne de fond court est instantan\u00e9ment reconnaissable. Elle pose le cadre et dynamise l\u2019ensemble gr\u00e2ce \u00e0 sa perspective et sa profondeur.Une \u00e9toile s\u2019inscrit dans le O de \u00ab ERMONT\u00bb. La performance ne fait [&hellip;]<\/p>\n","protected":false},"author":1,"featured_media":503,"comment_status":"closed","ping_status":"closed","sticky":false,"template":"","format":"standard","meta":{"ngg_post_thumbnail":0,"footnotes":""},"categories":[3,4],"tags":[],"class_list":["post-502","post","type-post","status-publish","format-standard","has-post-thumbnail","hentry","category-identite-visuelle","category-projets","has-thumbnail"],"_links":{"self":[{"href":"https:\/\/www.blandinetamagna.com\/index.php\/wp-json\/wp\/v2\/posts\/502","targetHints":{"allow":["GET"]}}],"collection":[{"href":"https:\/\/www.blandinetamagna.com\/index.php\/wp-json\/wp\/v2\/posts"}],"about":[{"href":"https:\/\/www.blandinetamagna.com\/index.php\/wp-json\/wp\/v2\/types\/post"}],"author":[{"embeddable":true,"href":"https:\/\/www.blandinetamagna.com\/index.php\/wp-json\/wp\/v2\/users\/1"}],"replies":[{"embeddable":true,"href":"https:\/\/www.blandinetamagna.com\/index.php\/wp-json\/wp\/v2\/comments?post=502"}],"version-history":[{"count":5,"href":"https:\/\/www.blandinetamagna.com\/index.php\/wp-json\/wp\/v2\/posts\/502\/revisions"}],"predecessor-version":[{"id":512,"href":"https:\/\/www.blandinetamagna.com\/index.php\/wp-json\/wp\/v2\/posts\/502\/revisions\/512"}],"wp:featuredmedia":[{"embeddable":true,"href":"https:\/\/www.blandinetamagna.com\/index.php\/wp-json\/wp\/v2\/media\/503"}],"wp:attachment":[{"href":"https:\/\/www.blandinetamagna.com\/index.php\/wp-json\/wp\/v2\/media?parent=502"}],"wp:term":[{"taxonomy":"category","embeddable":true,"href":"https:\/\/www.blandinetamagna.com\/index.php\/wp-json\/wp\/v2\/categories?post=502"},{"taxonomy":"post_tag","embeddable":true,"href":"https:\/\/www.blandinetamagna.com\/index.php\/wp-json\/wp\/v2\/tags?post=502"}],"curies":[{"name":"wp","href":"https:\/\/api.w.org\/{rel}","templated":true}]}}