{"id":280,"date":"2018-01-25T22:35:28","date_gmt":"2018-01-25T21:35:28","guid":{"rendered":"http:\/\/www.blandinetamagna.com\/?p=280"},"modified":"2025-12-27T23:39:15","modified_gmt":"2025-12-27T22:39:15","slug":"nexity","status":"publish","type":"post","link":"https:\/\/www.blandinetamagna.com\/index.php\/2018\/01\/25\/nexity\/","title":{"rendered":"NEXITY | EHPAD &#8211; Villa des cinq Sentes"},"content":{"rendered":"<div class=\"page\" title=\"Page 5\">\n<div class=\"layoutArea\">\n<div class=\"column\">\n<p>R\u00e9alisation de panneaux de pr\u00e9sentation (et carton d\u2019invitation) lors du vernissage d\u2019un programme : EHPAD &#8211; Villa des cinq Sentes.<\/p>\n<p>Il est n\u00e9cessaire d\u2019aider les invit\u00e9s \u00e0 se projeter dans leur futur environnement en retravaillant les plans afin de rendre cela plus compr\u00e9hensible et agr\u00e9able, tout en respectant la charte graphique de Nexity.<\/p>\n<p><img loading=\"lazy\" decoding=\"async\" class=\"alignnone wp-image-281\" src=\"http:\/\/www.blandinetamagna.com\/wp-content\/uploads\/2018\/02\/NEXITY_EHPAD_panneau-1_web-250x300.jpg\" alt=\"\" width=\"500\" height=\"600\" srcset=\"https:\/\/www.blandinetamagna.com\/wp-content\/uploads\/2018\/02\/NEXITY_EHPAD_panneau-1_web-250x300.jpg 250w, https:\/\/www.blandinetamagna.com\/wp-content\/uploads\/2018\/02\/NEXITY_EHPAD_panneau-1_web-768x922.jpg 768w, https:\/\/www.blandinetamagna.com\/wp-content\/uploads\/2018\/02\/NEXITY_EHPAD_panneau-1_web.jpg 800w\" sizes=\"auto, (max-width: 500px) 100vw, 500px\" \/><\/p>\n<p><img loading=\"lazy\" decoding=\"async\" class=\"alignnone wp-image-282\" src=\"http:\/\/www.blandinetamagna.com\/wp-content\/uploads\/2018\/02\/NEXITY_EHPAD_panneau-2_web-250x300.jpg\" alt=\"\" width=\"500\" height=\"600\" srcset=\"https:\/\/www.blandinetamagna.com\/wp-content\/uploads\/2018\/02\/NEXITY_EHPAD_panneau-2_web-250x300.jpg 250w, https:\/\/www.blandinetamagna.com\/wp-content\/uploads\/2018\/02\/NEXITY_EHPAD_panneau-2_web-768x922.jpg 768w, https:\/\/www.blandinetamagna.com\/wp-content\/uploads\/2018\/02\/NEXITY_EHPAD_panneau-2_web.jpg 800w\" sizes=\"auto, (max-width: 500px) 100vw, 500px\" \/><\/p>\n<p><img loading=\"lazy\" decoding=\"async\" class=\"alignnone wp-image-283\" src=\"http:\/\/www.blandinetamagna.com\/wp-content\/uploads\/2018\/02\/NEXITY_EHPAD_panneau-3_web-250x300.jpg\" alt=\"\" width=\"500\" height=\"600\" srcset=\"https:\/\/www.blandinetamagna.com\/wp-content\/uploads\/2018\/02\/NEXITY_EHPAD_panneau-3_web-250x300.jpg 250w, https:\/\/www.blandinetamagna.com\/wp-content\/uploads\/2018\/02\/NEXITY_EHPAD_panneau-3_web-768x922.jpg 768w, https:\/\/www.blandinetamagna.com\/wp-content\/uploads\/2018\/02\/NEXITY_EHPAD_panneau-3_web.jpg 800w\" sizes=\"auto, (max-width: 500px) 100vw, 500px\" \/><\/p>\n<p><img loading=\"lazy\" decoding=\"async\" class=\"alignnone wp-image-284\" src=\"http:\/\/www.blandinetamagna.com\/wp-content\/uploads\/2018\/02\/NEXITY_EHPAD_panneau-5_web-250x300.jpg\" alt=\"\" width=\"500\" height=\"600\" srcset=\"https:\/\/www.blandinetamagna.com\/wp-content\/uploads\/2018\/02\/NEXITY_EHPAD_panneau-5_web-250x300.jpg 250w, https:\/\/www.blandinetamagna.com\/wp-content\/uploads\/2018\/02\/NEXITY_EHPAD_panneau-5_web-768x922.jpg 768w, https:\/\/www.blandinetamagna.com\/wp-content\/uploads\/2018\/02\/NEXITY_EHPAD_panneau-5_web.jpg 800w\" sizes=\"auto, (max-width: 500px) 100vw, 500px\" \/>&nbsp;<\/p>\n<\/div>\n<\/div>\n<\/div>\n","protected":false},"excerpt":{"rendered":"<p>R\u00e9alisation de panneaux de pr\u00e9sentation (et carton d\u2019invitation) lors du vernissage d\u2019un programme : EHPAD &#8211; Villa des cinq Sentes. Il est n\u00e9cessaire d\u2019aider les invit\u00e9s \u00e0 se projeter dans leur futur environnement en retravaillant les plans afin de rendre cela plus compr\u00e9hensible et agr\u00e9able, tout en respectant la charte graphique de Nexity. &nbsp;<\/p>\n","protected":false},"author":1,"featured_media":281,"comment_status":"closed","ping_status":"closed","sticky":false,"template":"","format":"standard","meta":{"ngg_post_thumbnail":0,"footnotes":""},"categories":[4],"tags":[],"class_list":["post-280","post","type-post","status-publish","format-standard","has-post-thumbnail","hentry","category-projets","has-thumbnail"],"_links":{"self":[{"href":"https:\/\/www.blandinetamagna.com\/index.php\/wp-json\/wp\/v2\/posts\/280","targetHints":{"allow":["GET"]}}],"collection":[{"href":"https:\/\/www.blandinetamagna.com\/index.php\/wp-json\/wp\/v2\/posts"}],"about":[{"href":"https:\/\/www.blandinetamagna.com\/index.php\/wp-json\/wp\/v2\/types\/post"}],"author":[{"embeddable":true,"href":"https:\/\/www.blandinetamagna.com\/index.php\/wp-json\/wp\/v2\/users\/1"}],"replies":[{"embeddable":true,"href":"https:\/\/www.blandinetamagna.com\/index.php\/wp-json\/wp\/v2\/comments?post=280"}],"version-history":[{"count":3,"href":"https:\/\/www.blandinetamagna.com\/index.php\/wp-json\/wp\/v2\/posts\/280\/revisions"}],"predecessor-version":[{"id":289,"href":"https:\/\/www.blandinetamagna.com\/index.php\/wp-json\/wp\/v2\/posts\/280\/revisions\/289"}],"wp:featuredmedia":[{"embeddable":true,"href":"https:\/\/www.blandinetamagna.com\/index.php\/wp-json\/wp\/v2\/media\/281"}],"wp:attachment":[{"href":"https:\/\/www.blandinetamagna.com\/index.php\/wp-json\/wp\/v2\/media?parent=280"}],"wp:term":[{"taxonomy":"category","embeddable":true,"href":"https:\/\/www.blandinetamagna.com\/index.php\/wp-json\/wp\/v2\/categories?post=280"},{"taxonomy":"post_tag","embeddable":true,"href":"https:\/\/www.blandinetamagna.com\/index.php\/wp-json\/wp\/v2\/tags?post=280"}],"curies":[{"name":"wp","href":"https:\/\/api.w.org\/{rel}","templated":true}]}}