{"id":146,"date":"2018-02-03T18:54:13","date_gmt":"2018-02-03T17:54:13","guid":{"rendered":"http:\/\/www.blandinetamagna.com\/?p=146"},"modified":"2018-02-05T20:37:25","modified_gmt":"2018-02-05T19:37:25","slug":"the-eyes-rencontres-darles-2016","status":"publish","type":"post","link":"https:\/\/www.blandinetamagna.com\/index.php\/2018\/02\/03\/the-eyes-rencontres-darles-2016\/","title":{"rendered":"THE EYES &#8211; RENCONTRES D\u2019ARLES 2016"},"content":{"rendered":"<div class=\"page\" title=\"Page 3\">\n<div class=\"section\">\n<div class=\"layoutArea\">\n<div class=\"column\">\n<p>Conception d\u2019un livret en collaboration avec le magazine <em>The Eyes<\/em> destin\u00e9 \u00e0 pr\u00e9senter des photographes, expositions et livres pendant les Rencontres d\u2019Arles 2016.<\/p>\n<p><a href=\"http:\/\/theeyes.eu\/welcome\">http:\/\/theeyes.eu\/welcome<\/a><\/p>\n<p><a href=\"https:\/\/www.facebook.com\/events\/1635780520075877\/\">https:\/\/www.facebook.com\/events\/1635780520075877\/<\/a><\/p>\n<p>&nbsp;<\/p>\n<p style=\"text-align: left;\"><img loading=\"lazy\" decoding=\"async\" class=\"aligncenter wp-image-147\" src=\"http:\/\/www.blandinetamagna.com\/wp-content\/uploads\/2018\/02\/Arles_Vdef-1.jpg\" alt=\"\" width=\"359\" height=\"510\"><\/p>\n<p style=\"text-align: left;\"><img loading=\"lazy\" decoding=\"async\" class=\"size-full wp-image-148 alignnone\" src=\"http:\/\/www.blandinetamagna.com\/wp-content\/uploads\/2018\/02\/Arles_Vdef-3.jpg\" alt=\"\" width=\"3496\" height=\"2480\"><\/p>\n<p style=\"text-align: left;\"><img loading=\"lazy\" decoding=\"async\" class=\"size-full wp-image-149 alignnone\" src=\"http:\/\/www.blandinetamagna.com\/wp-content\/uploads\/2018\/02\/Arles_Vdef-7.jpg\" alt=\"\" width=\"3496\" height=\"2480\"><\/p>\n<p style=\"text-align: left;\"><img loading=\"lazy\" decoding=\"async\" class=\"size-full wp-image-150 alignnone\" src=\"http:\/\/www.blandinetamagna.com\/wp-content\/uploads\/2018\/02\/Arles_Vdef-9.jpg\" alt=\"\" width=\"3496\" height=\"2480\"><\/p>\n<p style=\"text-align: left;\"><img loading=\"lazy\" decoding=\"async\" class=\"size-full wp-image-151 alignnone\" src=\"http:\/\/www.blandinetamagna.com\/wp-content\/uploads\/2018\/02\/Arles_Vdef-11.jpg\" alt=\"\" width=\"3496\" height=\"2480\"><\/p>\n<p style=\"text-align: left;\"><img loading=\"lazy\" decoding=\"async\" class=\"size-full wp-image-152 alignnone\" src=\"http:\/\/www.blandinetamagna.com\/wp-content\/uploads\/2018\/02\/Arles_Vdef-15.jpg\" alt=\"\" width=\"3496\" height=\"2480\"><\/p>\n<p>&nbsp;<\/p>\n<\/div>\n<\/div>\n<\/div>\n<\/div>\n","protected":false},"excerpt":{"rendered":"<p>Conception d\u2019un livret en collaboration avec le magazine The Eyes destin\u00e9 \u00e0 pr\u00e9senter des photographes, expositions et livres pendant les Rencontres d\u2019Arles 2016. http:\/\/theeyes.eu\/welcome https:\/\/www.facebook.com\/events\/1635780520075877\/ &nbsp; &nbsp;<\/p>\n","protected":false},"author":1,"featured_media":147,"comment_status":"closed","ping_status":"closed","sticky":false,"template":"","format":"standard","meta":{"ngg_post_thumbnail":0,"footnotes":""},"categories":[5,4],"tags":[],"class_list":["post-146","post","type-post","status-publish","format-standard","has-post-thumbnail","hentry","category-edition","category-projets","has-thumbnail"],"_links":{"self":[{"href":"https:\/\/www.blandinetamagna.com\/index.php\/wp-json\/wp\/v2\/posts\/146","targetHints":{"allow":["GET"]}}],"collection":[{"href":"https:\/\/www.blandinetamagna.com\/index.php\/wp-json\/wp\/v2\/posts"}],"about":[{"href":"https:\/\/www.blandinetamagna.com\/index.php\/wp-json\/wp\/v2\/types\/post"}],"author":[{"embeddable":true,"href":"https:\/\/www.blandinetamagna.com\/index.php\/wp-json\/wp\/v2\/users\/1"}],"replies":[{"embeddable":true,"href":"https:\/\/www.blandinetamagna.com\/index.php\/wp-json\/wp\/v2\/comments?post=146"}],"version-history":[{"count":25,"href":"https:\/\/www.blandinetamagna.com\/index.php\/wp-json\/wp\/v2\/posts\/146\/revisions"}],"predecessor-version":[{"id":495,"href":"https:\/\/www.blandinetamagna.com\/index.php\/wp-json\/wp\/v2\/posts\/146\/revisions\/495"}],"wp:featuredmedia":[{"embeddable":true,"href":"https:\/\/www.blandinetamagna.com\/index.php\/wp-json\/wp\/v2\/media\/147"}],"wp:attachment":[{"href":"https:\/\/www.blandinetamagna.com\/index.php\/wp-json\/wp\/v2\/media?parent=146"}],"wp:term":[{"taxonomy":"category","embeddable":true,"href":"https:\/\/www.blandinetamagna.com\/index.php\/wp-json\/wp\/v2\/categories?post=146"},{"taxonomy":"post_tag","embeddable":true,"href":"https:\/\/www.blandinetamagna.com\/index.php\/wp-json\/wp\/v2\/tags?post=146"}],"curies":[{"name":"wp","href":"https:\/\/api.w.org\/{rel}","templated":true}]}}